{"id":1566,"date":"2025-10-17T09:54:57","date_gmt":"2025-10-17T07:54:57","guid":{"rendered":"http:\/\/www.chroniquesaubieroises.fr\/?p=1566"},"modified":"2025-10-17T17:10:45","modified_gmt":"2025-10-17T15:10:45","slug":"galerie-fetes-des-ecoles-daubiere","status":"publish","type":"post","link":"https:\/\/www.chroniquesaubieroises.fr\/index.php\/2025\/10\/17\/galerie-fetes-des-ecoles-daubiere\/","title":{"rendered":"Galerie : F\u00eates des \u00c9coles d&rsquo;Aubi\u00e8re"},"content":{"rendered":"\n<figure class=\"wp-block-gallery has-nested-images columns-default is-cropped wp-block-gallery-1 is-layout-flex wp-block-gallery-is-layout-flex\">\n<figure class=\"wp-block-image size-large\"><img loading=\"lazy\" decoding=\"async\" width=\"1000\" height=\"620\" data-id=\"1567\" src=\"http:\/\/www.chroniquesaubieroises.fr\/wp-content\/uploads\/2025\/10\/001_1925_Distribution-des-prix-01.jpg\" alt=\"\" class=\"wp-image-1567\" srcset=\"https:\/\/www.chroniquesaubieroises.fr\/wp-content\/uploads\/2025\/10\/001_1925_Distribution-des-prix-01.jpg 1000w, https:\/\/www.chroniquesaubieroises.fr\/wp-content\/uploads\/2025\/10\/001_1925_Distribution-des-prix-01-300x186.jpg 300w, https:\/\/www.chroniquesaubieroises.fr\/wp-content\/uploads\/2025\/10\/001_1925_Distribution-des-prix-01-768x476.jpg 768w\" sizes=\"auto, (max-width: 1000px) 100vw, 1000px\" \/><\/figure>\n\n\n\n<figure class=\"wp-block-image size-large\"><img loading=\"lazy\" decoding=\"async\" width=\"1000\" height=\"622\" data-id=\"1568\" src=\"http:\/\/www.chroniquesaubieroises.fr\/wp-content\/uploads\/2025\/10\/001_1925_Distribution-des-prix-02.jpg\" alt=\"\" class=\"wp-image-1568\" srcset=\"https:\/\/www.chroniquesaubieroises.fr\/wp-content\/uploads\/2025\/10\/001_1925_Distribution-des-prix-02.jpg 1000w, https:\/\/www.chroniquesaubieroises.fr\/wp-content\/uploads\/2025\/10\/001_1925_Distribution-des-prix-02-300x187.jpg 300w, https:\/\/www.chroniquesaubieroises.fr\/wp-content\/uploads\/2025\/10\/001_1925_Distribution-des-prix-02-768x478.jpg 768w\" sizes=\"auto, (max-width: 1000px) 100vw, 1000px\" \/><\/figure>\n\n\n\n<figure class=\"wp-block-image size-large\"><img loading=\"lazy\" decoding=\"async\" width=\"755\" height=\"493\" data-id=\"1571\" src=\"http:\/\/www.chroniquesaubieroises.fr\/wp-content\/uploads\/2025\/10\/001_1925_Distribution-des-prix-03.jpg\" alt=\"\" class=\"wp-image-1571\" srcset=\"https:\/\/www.chroniquesaubieroises.fr\/wp-content\/uploads\/2025\/10\/001_1925_Distribution-des-prix-03.jpg 755w, https:\/\/www.chroniquesaubieroises.fr\/wp-content\/uploads\/2025\/10\/001_1925_Distribution-des-prix-03-300x196.jpg 300w\" sizes=\"auto, (max-width: 755px) 100vw, 755px\" \/><\/figure>\n\n\n\n<figure class=\"wp-block-image size-large\"><img loading=\"lazy\" decoding=\"async\" width=\"1000\" height=\"616\" data-id=\"1572\" src=\"http:\/\/www.chroniquesaubieroises.fr\/wp-content\/uploads\/2025\/10\/001_1925_Distribution-des-prix-04.jpg\" alt=\"\" class=\"wp-image-1572\" srcset=\"https:\/\/www.chroniquesaubieroises.fr\/wp-content\/uploads\/2025\/10\/001_1925_Distribution-des-prix-04.jpg 1000w, https:\/\/www.chroniquesaubieroises.fr\/wp-content\/uploads\/2025\/10\/001_1925_Distribution-des-prix-04-300x185.jpg 300w, https:\/\/www.chroniquesaubieroises.fr\/wp-content\/uploads\/2025\/10\/001_1925_Distribution-des-prix-04-768x473.jpg 768w\" sizes=\"auto, (max-width: 1000px) 100vw, 1000px\" \/><\/figure>\n\n\n\n<figure class=\"wp-block-image size-large\"><img loading=\"lazy\" decoding=\"async\" width=\"1000\" height=\"572\" data-id=\"1569\" src=\"http:\/\/www.chroniquesaubieroises.fr\/wp-content\/uploads\/2025\/10\/002_1925_Fete-des-ecoles_Defile-de-LEA-aux-Ramacles.jpg\" alt=\"\" class=\"wp-image-1569\" srcset=\"https:\/\/www.chroniquesaubieroises.fr\/wp-content\/uploads\/2025\/10\/002_1925_Fete-des-ecoles_Defile-de-LEA-aux-Ramacles.jpg 1000w, https:\/\/www.chroniquesaubieroises.fr\/wp-content\/uploads\/2025\/10\/002_1925_Fete-des-ecoles_Defile-de-LEA-aux-Ramacles-300x172.jpg 300w, https:\/\/www.chroniquesaubieroises.fr\/wp-content\/uploads\/2025\/10\/002_1925_Fete-des-ecoles_Defile-de-LEA-aux-Ramacles-768x439.jpg 768w\" sizes=\"auto, (max-width: 1000px) 100vw, 1000px\" \/><\/figure>\n\n\n\n<figure class=\"wp-block-image size-large\"><img loading=\"lazy\" decoding=\"async\" width=\"1000\" height=\"636\" data-id=\"1570\" src=\"http:\/\/www.chroniquesaubieroises.fr\/wp-content\/uploads\/2025\/10\/003_1925_Fetes-des-ecoles-01.jpg\" alt=\"\" class=\"wp-image-1570\" srcset=\"https:\/\/www.chroniquesaubieroises.fr\/wp-content\/uploads\/2025\/10\/003_1925_Fetes-des-ecoles-01.jpg 1000w, https:\/\/www.chroniquesaubieroises.fr\/wp-content\/uploads\/2025\/10\/003_1925_Fetes-des-ecoles-01-300x191.jpg 300w, https:\/\/www.chroniquesaubieroises.fr\/wp-content\/uploads\/2025\/10\/003_1925_Fetes-des-ecoles-01-768x488.jpg 768w\" sizes=\"auto, (max-width: 1000px) 100vw, 1000px\" \/><\/figure>\n\n\n\n<figure class=\"wp-block-image size-large\"><img loading=\"lazy\" decoding=\"async\" width=\"1000\" height=\"737\" data-id=\"1573\" src=\"http:\/\/www.chroniquesaubieroises.fr\/wp-content\/uploads\/2025\/10\/003_1925_Fetes-des-ecoles-02.jpg\" alt=\"\" class=\"wp-image-1573\" srcset=\"https:\/\/www.chroniquesaubieroises.fr\/wp-content\/uploads\/2025\/10\/003_1925_Fetes-des-ecoles-02.jpg 1000w, https:\/\/www.chroniquesaubieroises.fr\/wp-content\/uploads\/2025\/10\/003_1925_Fetes-des-ecoles-02-300x221.jpg 300w, https:\/\/www.chroniquesaubieroises.fr\/wp-content\/uploads\/2025\/10\/003_1925_Fetes-des-ecoles-02-768x566.jpg 768w\" sizes=\"auto, (max-width: 1000px) 100vw, 1000px\" \/><\/figure>\n\n\n\n<figure class=\"wp-block-image size-large\"><img loading=\"lazy\" decoding=\"async\" width=\"1000\" height=\"747\" data-id=\"1574\" src=\"http:\/\/www.chroniquesaubieroises.fr\/wp-content\/uploads\/2025\/10\/003_1925_Fetes-des-ecoles-03.jpg\" alt=\"\" class=\"wp-image-1574\" srcset=\"https:\/\/www.chroniquesaubieroises.fr\/wp-content\/uploads\/2025\/10\/003_1925_Fetes-des-ecoles-03.jpg 1000w, https:\/\/www.chroniquesaubieroises.fr\/wp-content\/uploads\/2025\/10\/003_1925_Fetes-des-ecoles-03-300x224.jpg 300w, https:\/\/www.chroniquesaubieroises.fr\/wp-content\/uploads\/2025\/10\/003_1925_Fetes-des-ecoles-03-768x574.jpg 768w\" sizes=\"auto, (max-width: 1000px) 100vw, 1000px\" \/><\/figure>\n\n\n\n<figure class=\"wp-block-image size-large\"><img loading=\"lazy\" decoding=\"async\" width=\"1000\" height=\"769\" data-id=\"1576\" src=\"http:\/\/www.chroniquesaubieroises.fr\/wp-content\/uploads\/2025\/10\/003_1925_Fetes-des-ecoles-04.jpg\" alt=\"\" class=\"wp-image-1576\" srcset=\"https:\/\/www.chroniquesaubieroises.fr\/wp-content\/uploads\/2025\/10\/003_1925_Fetes-des-ecoles-04.jpg 1000w, https:\/\/www.chroniquesaubieroises.fr\/wp-content\/uploads\/2025\/10\/003_1925_Fetes-des-ecoles-04-300x231.jpg 300w, https:\/\/www.chroniquesaubieroises.fr\/wp-content\/uploads\/2025\/10\/003_1925_Fetes-des-ecoles-04-768x591.jpg 768w\" sizes=\"auto, (max-width: 1000px) 100vw, 1000px\" \/><\/figure>\n\n\n\n<figure class=\"wp-block-image size-large\"><img loading=\"lazy\" decoding=\"async\" width=\"800\" height=\"501\" data-id=\"1575\" src=\"http:\/\/www.chroniquesaubieroises.fr\/wp-content\/uploads\/2025\/10\/003_1925_Fetes-des-ecoles-05.jpg\" alt=\"\" class=\"wp-image-1575\" srcset=\"https:\/\/www.chroniquesaubieroises.fr\/wp-content\/uploads\/2025\/10\/003_1925_Fetes-des-ecoles-05.jpg 800w, https:\/\/www.chroniquesaubieroises.fr\/wp-content\/uploads\/2025\/10\/003_1925_Fetes-des-ecoles-05-300x188.jpg 300w, https:\/\/www.chroniquesaubieroises.fr\/wp-content\/uploads\/2025\/10\/003_1925_Fetes-des-ecoles-05-768x481.jpg 768w\" sizes=\"auto, (max-width: 800px) 100vw, 800px\" \/><\/figure>\n\n\n\n<figure class=\"wp-block-image size-large\"><img loading=\"lazy\" decoding=\"async\" width=\"1000\" height=\"623\" data-id=\"1577\" src=\"http:\/\/www.chroniquesaubieroises.fr\/wp-content\/uploads\/2025\/10\/003_1925_Fetes-des-ecoles-06.jpg\" alt=\"\" class=\"wp-image-1577\" srcset=\"https:\/\/www.chroniquesaubieroises.fr\/wp-content\/uploads\/2025\/10\/003_1925_Fetes-des-ecoles-06.jpg 1000w, https:\/\/www.chroniquesaubieroises.fr\/wp-content\/uploads\/2025\/10\/003_1925_Fetes-des-ecoles-06-300x187.jpg 300w, https:\/\/www.chroniquesaubieroises.fr\/wp-content\/uploads\/2025\/10\/003_1925_Fetes-des-ecoles-06-768x478.jpg 768w\" sizes=\"auto, (max-width: 1000px) 100vw, 1000px\" \/><figcaption class=\"wp-element-caption\">????????????????????????????????????????<\/figcaption><\/figure>\n\n\n\n<figure class=\"wp-block-image size-large\"><img loading=\"lazy\" decoding=\"async\" width=\"1000\" height=\"631\" data-id=\"1578\" src=\"http:\/\/www.chroniquesaubieroises.fr\/wp-content\/uploads\/2025\/10\/003_1925_Fetes-des-ecoles-07.jpg\" alt=\"\" class=\"wp-image-1578\" srcset=\"https:\/\/www.chroniquesaubieroises.fr\/wp-content\/uploads\/2025\/10\/003_1925_Fetes-des-ecoles-07.jpg 1000w, https:\/\/www.chroniquesaubieroises.fr\/wp-content\/uploads\/2025\/10\/003_1925_Fetes-des-ecoles-07-300x189.jpg 300w, https:\/\/www.chroniquesaubieroises.fr\/wp-content\/uploads\/2025\/10\/003_1925_Fetes-des-ecoles-07-768x485.jpg 768w\" sizes=\"auto, (max-width: 1000px) 100vw, 1000px\" \/><\/figure>\n\n\n\n<figure class=\"wp-block-image size-large\"><img loading=\"lazy\" decoding=\"async\" width=\"1000\" height=\"619\" data-id=\"1579\" src=\"http:\/\/www.chroniquesaubieroises.fr\/wp-content\/uploads\/2025\/10\/003_1925_Fetes-des-ecoles-08.jpg\" alt=\"\" class=\"wp-image-1579\" srcset=\"https:\/\/www.chroniquesaubieroises.fr\/wp-content\/uploads\/2025\/10\/003_1925_Fetes-des-ecoles-08.jpg 1000w, https:\/\/www.chroniquesaubieroises.fr\/wp-content\/uploads\/2025\/10\/003_1925_Fetes-des-ecoles-08-300x186.jpg 300w, https:\/\/www.chroniquesaubieroises.fr\/wp-content\/uploads\/2025\/10\/003_1925_Fetes-des-ecoles-08-768x475.jpg 768w\" sizes=\"auto, (max-width: 1000px) 100vw, 1000px\" \/><\/figure>\n\n\n\n<figure class=\"wp-block-image size-large\"><img loading=\"lazy\" decoding=\"async\" width=\"1000\" height=\"623\" data-id=\"1580\" src=\"http:\/\/www.chroniquesaubieroises.fr\/wp-content\/uploads\/2025\/10\/003_1925_Fetes-des-ecoles-09.jpg\" alt=\"\" class=\"wp-image-1580\" srcset=\"https:\/\/www.chroniquesaubieroises.fr\/wp-content\/uploads\/2025\/10\/003_1925_Fetes-des-ecoles-09.jpg 1000w, https:\/\/www.chroniquesaubieroises.fr\/wp-content\/uploads\/2025\/10\/003_1925_Fetes-des-ecoles-09-300x187.jpg 300w, https:\/\/www.chroniquesaubieroises.fr\/wp-content\/uploads\/2025\/10\/003_1925_Fetes-des-ecoles-09-768x478.jpg 768w\" sizes=\"auto, (max-width: 1000px) 100vw, 1000px\" \/><\/figure>\n\n\n\n<figure class=\"wp-block-image size-large\"><img loading=\"lazy\" decoding=\"async\" width=\"1000\" height=\"629\" data-id=\"1582\" src=\"http:\/\/www.chroniquesaubieroises.fr\/wp-content\/uploads\/2025\/10\/003_1925_Fetes-des-ecoles-10.jpg\" alt=\"\" class=\"wp-image-1582\" srcset=\"https:\/\/www.chroniquesaubieroises.fr\/wp-content\/uploads\/2025\/10\/003_1925_Fetes-des-ecoles-10.jpg 1000w, https:\/\/www.chroniquesaubieroises.fr\/wp-content\/uploads\/2025\/10\/003_1925_Fetes-des-ecoles-10-300x189.jpg 300w, https:\/\/www.chroniquesaubieroises.fr\/wp-content\/uploads\/2025\/10\/003_1925_Fetes-des-ecoles-10-768x483.jpg 768w\" sizes=\"auto, (max-width: 1000px) 100vw, 1000px\" \/><\/figure>\n\n\n\n<figure class=\"wp-block-image size-large\"><img loading=\"lazy\" decoding=\"async\" width=\"1000\" height=\"626\" data-id=\"1583\" src=\"http:\/\/www.chroniquesaubieroises.fr\/wp-content\/uploads\/2025\/10\/003_1925_Fetes-des-ecoles-11.jpg\" alt=\"\" class=\"wp-image-1583\" srcset=\"https:\/\/www.chroniquesaubieroises.fr\/wp-content\/uploads\/2025\/10\/003_1925_Fetes-des-ecoles-11.jpg 1000w, https:\/\/www.chroniquesaubieroises.fr\/wp-content\/uploads\/2025\/10\/003_1925_Fetes-des-ecoles-11-300x188.jpg 300w, https:\/\/www.chroniquesaubieroises.fr\/wp-content\/uploads\/2025\/10\/003_1925_Fetes-des-ecoles-11-768x481.jpg 768w\" sizes=\"auto, (max-width: 1000px) 100vw, 1000px\" \/><\/figure>\n\n\n\n<figure class=\"wp-block-image size-large\"><img loading=\"lazy\" decoding=\"async\" width=\"1000\" height=\"627\" data-id=\"1581\" src=\"http:\/\/www.chroniquesaubieroises.fr\/wp-content\/uploads\/2025\/10\/003_1925_Fetes-des-ecoles-12.jpg\" alt=\"\" class=\"wp-image-1581\" srcset=\"https:\/\/www.chroniquesaubieroises.fr\/wp-content\/uploads\/2025\/10\/003_1925_Fetes-des-ecoles-12.jpg 1000w, https:\/\/www.chroniquesaubieroises.fr\/wp-content\/uploads\/2025\/10\/003_1925_Fetes-des-ecoles-12-300x188.jpg 300w, https:\/\/www.chroniquesaubieroises.fr\/wp-content\/uploads\/2025\/10\/003_1925_Fetes-des-ecoles-12-768x482.jpg 768w\" sizes=\"auto, (max-width: 1000px) 100vw, 1000px\" \/><\/figure>\n\n\n\n<figure class=\"wp-block-image size-large\"><img loading=\"lazy\" decoding=\"async\" width=\"1000\" height=\"623\" data-id=\"1584\" src=\"http:\/\/www.chroniquesaubieroises.fr\/wp-content\/uploads\/2025\/10\/003_1925_Fetes-des-ecoles-13.jpg\" alt=\"\" class=\"wp-image-1584\" srcset=\"https:\/\/www.chroniquesaubieroises.fr\/wp-content\/uploads\/2025\/10\/003_1925_Fetes-des-ecoles-13.jpg 1000w, https:\/\/www.chroniquesaubieroises.fr\/wp-content\/uploads\/2025\/10\/003_1925_Fetes-des-ecoles-13-300x187.jpg 300w, https:\/\/www.chroniquesaubieroises.fr\/wp-content\/uploads\/2025\/10\/003_1925_Fetes-des-ecoles-13-768x478.jpg 768w\" sizes=\"auto, (max-width: 1000px) 100vw, 1000px\" \/><\/figure>\n\n\n\n<figure class=\"wp-block-image size-large\"><img loading=\"lazy\" decoding=\"async\" width=\"1000\" height=\"621\" data-id=\"1585\" src=\"http:\/\/www.chroniquesaubieroises.fr\/wp-content\/uploads\/2025\/10\/003_1925_Fetes-des-ecoles-14.jpg\" alt=\"\" class=\"wp-image-1585\" srcset=\"https:\/\/www.chroniquesaubieroises.fr\/wp-content\/uploads\/2025\/10\/003_1925_Fetes-des-ecoles-14.jpg 1000w, https:\/\/www.chroniquesaubieroises.fr\/wp-content\/uploads\/2025\/10\/003_1925_Fetes-des-ecoles-14-300x186.jpg 300w, https:\/\/www.chroniquesaubieroises.fr\/wp-content\/uploads\/2025\/10\/003_1925_Fetes-des-ecoles-14-768x477.jpg 768w\" sizes=\"auto, (max-width: 1000px) 100vw, 1000px\" \/><\/figure>\n\n\n\n<figure class=\"wp-block-image size-large\"><img loading=\"lazy\" decoding=\"async\" width=\"1000\" height=\"617\" data-id=\"1586\" src=\"http:\/\/www.chroniquesaubieroises.fr\/wp-content\/uploads\/2025\/10\/003_1925_Fetes-des-ecoles-15.jpg\" alt=\"\" class=\"wp-image-1586\" srcset=\"https:\/\/www.chroniquesaubieroises.fr\/wp-content\/uploads\/2025\/10\/003_1925_Fetes-des-ecoles-15.jpg 1000w, https:\/\/www.chroniquesaubieroises.fr\/wp-content\/uploads\/2025\/10\/003_1925_Fetes-des-ecoles-15-300x185.jpg 300w, https:\/\/www.chroniquesaubieroises.fr\/wp-content\/uploads\/2025\/10\/003_1925_Fetes-des-ecoles-15-768x474.jpg 768w\" sizes=\"auto, (max-width: 1000px) 100vw, 1000px\" \/><\/figure>\n\n\n\n<figure class=\"wp-block-image size-large\"><img loading=\"lazy\" decoding=\"async\" width=\"1000\" height=\"631\" data-id=\"1588\" src=\"http:\/\/www.chroniquesaubieroises.fr\/wp-content\/uploads\/2025\/10\/003_1925_Fetes-des-ecoles-16.jpg\" alt=\"\" class=\"wp-image-1588\" srcset=\"https:\/\/www.chroniquesaubieroises.fr\/wp-content\/uploads\/2025\/10\/003_1925_Fetes-des-ecoles-16.jpg 1000w, https:\/\/www.chroniquesaubieroises.fr\/wp-content\/uploads\/2025\/10\/003_1925_Fetes-des-ecoles-16-300x189.jpg 300w, https:\/\/www.chroniquesaubieroises.fr\/wp-content\/uploads\/2025\/10\/003_1925_Fetes-des-ecoles-16-768x485.jpg 768w\" sizes=\"auto, (max-width: 1000px) 100vw, 1000px\" \/><\/figure>\n\n\n\n<figure class=\"wp-block-image size-large\"><img loading=\"lazy\" decoding=\"async\" width=\"1000\" height=\"638\" data-id=\"1587\" src=\"http:\/\/www.chroniquesaubieroises.fr\/wp-content\/uploads\/2025\/10\/003_1925_Fetes-des-ecoles-17.jpg\" alt=\"\" class=\"wp-image-1587\" srcset=\"https:\/\/www.chroniquesaubieroises.fr\/wp-content\/uploads\/2025\/10\/003_1925_Fetes-des-ecoles-17.jpg 1000w, https:\/\/www.chroniquesaubieroises.fr\/wp-content\/uploads\/2025\/10\/003_1925_Fetes-des-ecoles-17-300x191.jpg 300w, https:\/\/www.chroniquesaubieroises.fr\/wp-content\/uploads\/2025\/10\/003_1925_Fetes-des-ecoles-17-768x490.jpg 768w\" sizes=\"auto, (max-width: 1000px) 100vw, 1000px\" \/><\/figure>\n\n\n\n<figure class=\"wp-block-image size-large\"><img loading=\"lazy\" decoding=\"async\" width=\"615\" height=\"1000\" data-id=\"1589\" src=\"http:\/\/www.chroniquesaubieroises.fr\/wp-content\/uploads\/2025\/10\/003_1925_Fetes-des-ecoles-18.jpg\" alt=\"\" class=\"wp-image-1589\" srcset=\"https:\/\/www.chroniquesaubieroises.fr\/wp-content\/uploads\/2025\/10\/003_1925_Fetes-des-ecoles-18.jpg 615w, https:\/\/www.chroniquesaubieroises.fr\/wp-content\/uploads\/2025\/10\/003_1925_Fetes-des-ecoles-18-185x300.jpg 185w\" sizes=\"auto, (max-width: 615px) 100vw, 615px\" \/><\/figure>\n\n\n\n<figure class=\"wp-block-image size-large\"><img loading=\"lazy\" decoding=\"async\" width=\"1000\" height=\"625\" data-id=\"1590\" src=\"http:\/\/www.chroniquesaubieroises.fr\/wp-content\/uploads\/2025\/10\/1927_Fetes-des-ecoles.jpg\" alt=\"\" class=\"wp-image-1590\" srcset=\"https:\/\/www.chroniquesaubieroises.fr\/wp-content\/uploads\/2025\/10\/1927_Fetes-des-ecoles.jpg 1000w, https:\/\/www.chroniquesaubieroises.fr\/wp-content\/uploads\/2025\/10\/1927_Fetes-des-ecoles-300x188.jpg 300w, https:\/\/www.chroniquesaubieroises.fr\/wp-content\/uploads\/2025\/10\/1927_Fetes-des-ecoles-768x480.jpg 768w\" sizes=\"auto, (max-width: 1000px) 100vw, 1000px\" \/><\/figure>\n\n\n\n<figure class=\"wp-block-image size-large\"><img loading=\"lazy\" decoding=\"async\" width=\"635\" height=\"1000\" data-id=\"1591\" src=\"http:\/\/www.chroniquesaubieroises.fr\/wp-content\/uploads\/2025\/10\/1927-07-31_Distribution-des-prix-b.jpg\" alt=\"\" class=\"wp-image-1591\" srcset=\"https:\/\/www.chroniquesaubieroises.fr\/wp-content\/uploads\/2025\/10\/1927-07-31_Distribution-des-prix-b.jpg 635w, https:\/\/www.chroniquesaubieroises.fr\/wp-content\/uploads\/2025\/10\/1927-07-31_Distribution-des-prix-b-191x300.jpg 191w\" sizes=\"auto, (max-width: 635px) 100vw, 635px\" \/><\/figure>\n\n\n\n<figure class=\"wp-block-image size-large\"><img loading=\"lazy\" decoding=\"async\" width=\"637\" height=\"1000\" data-id=\"1592\" src=\"http:\/\/www.chroniquesaubieroises.fr\/wp-content\/uploads\/2025\/10\/1928_Fete-du-cinquantenaire-de-lEcole-laique-02.jpg\" alt=\"\" class=\"wp-image-1592\" srcset=\"https:\/\/www.chroniquesaubieroises.fr\/wp-content\/uploads\/2025\/10\/1928_Fete-du-cinquantenaire-de-lEcole-laique-02.jpg 637w, https:\/\/www.chroniquesaubieroises.fr\/wp-content\/uploads\/2025\/10\/1928_Fete-du-cinquantenaire-de-lEcole-laique-02-191x300.jpg 191w\" sizes=\"auto, (max-width: 637px) 100vw, 637px\" \/><\/figure>\n\n\n\n<figure class=\"wp-block-image size-large\"><img loading=\"lazy\" decoding=\"async\" width=\"736\" height=\"1000\" data-id=\"1593\" src=\"http:\/\/www.chroniquesaubieroises.fr\/wp-content\/uploads\/2025\/10\/1928_Fete-scolaire.jpg\" alt=\"\" class=\"wp-image-1593\" srcset=\"https:\/\/www.chroniquesaubieroises.fr\/wp-content\/uploads\/2025\/10\/1928_Fete-scolaire.jpg 736w, https:\/\/www.chroniquesaubieroises.fr\/wp-content\/uploads\/2025\/10\/1928_Fete-scolaire-221x300.jpg 221w\" sizes=\"auto, (max-width: 736px) 100vw, 736px\" \/><\/figure>\n\n\n\n<figure class=\"wp-block-image size-large\"><img loading=\"lazy\" decoding=\"async\" width=\"730\" height=\"1000\" data-id=\"1594\" src=\"http:\/\/www.chroniquesaubieroises.fr\/wp-content\/uploads\/2025\/10\/1929_Fete-scolaire.jpg\" alt=\"\" class=\"wp-image-1594\" srcset=\"https:\/\/www.chroniquesaubieroises.fr\/wp-content\/uploads\/2025\/10\/1929_Fete-scolaire.jpg 730w, https:\/\/www.chroniquesaubieroises.fr\/wp-content\/uploads\/2025\/10\/1929_Fete-scolaire-219x300.jpg 219w\" sizes=\"auto, (max-width: 730px) 100vw, 730px\" \/><\/figure>\n\n\n\n<figure class=\"wp-block-image size-large\"><img loading=\"lazy\" decoding=\"async\" width=\"727\" height=\"1000\" data-id=\"1595\" src=\"http:\/\/www.chroniquesaubieroises.fr\/wp-content\/uploads\/2025\/10\/1930_Fete-scolaire.jpg\" alt=\"\" class=\"wp-image-1595\" srcset=\"https:\/\/www.chroniquesaubieroises.fr\/wp-content\/uploads\/2025\/10\/1930_Fete-scolaire.jpg 727w, https:\/\/www.chroniquesaubieroises.fr\/wp-content\/uploads\/2025\/10\/1930_Fete-scolaire-218x300.jpg 218w\" sizes=\"auto, (max-width: 727px) 100vw, 727px\" \/><\/figure>\n\n\n\n<figure class=\"wp-block-image size-large\"><img loading=\"lazy\" decoding=\"async\" width=\"813\" height=\"1024\" data-id=\"1596\" src=\"http:\/\/www.chroniquesaubieroises.fr\/wp-content\/uploads\/2025\/10\/1931-06-14_Fete-du-cinquantenaire-de-lEcole-laique-01-813x1024.jpg\" alt=\"\" class=\"wp-image-1596\" srcset=\"https:\/\/www.chroniquesaubieroises.fr\/wp-content\/uploads\/2025\/10\/1931-06-14_Fete-du-cinquantenaire-de-lEcole-laique-01-813x1024.jpg 813w, https:\/\/www.chroniquesaubieroises.fr\/wp-content\/uploads\/2025\/10\/1931-06-14_Fete-du-cinquantenaire-de-lEcole-laique-01-238x300.jpg 238w, https:\/\/www.chroniquesaubieroises.fr\/wp-content\/uploads\/2025\/10\/1931-06-14_Fete-du-cinquantenaire-de-lEcole-laique-01-768x967.jpg 768w, https:\/\/www.chroniquesaubieroises.fr\/wp-content\/uploads\/2025\/10\/1931-06-14_Fete-du-cinquantenaire-de-lEcole-laique-01-1220x1536.jpg 1220w, https:\/\/www.chroniquesaubieroises.fr\/wp-content\/uploads\/2025\/10\/1931-06-14_Fete-du-cinquantenaire-de-lEcole-laique-01.jpg 1542w\" sizes=\"auto, (max-width: 813px) 100vw, 813px\" \/><\/figure>\n\n\n\n<figure class=\"wp-block-image size-large\"><img loading=\"lazy\" decoding=\"async\" width=\"616\" height=\"1000\" data-id=\"1597\" src=\"http:\/\/www.chroniquesaubieroises.fr\/wp-content\/uploads\/2025\/10\/1932-07-24_Distribution-des-Prix-b.jpg\" alt=\"\" class=\"wp-image-1597\" srcset=\"https:\/\/www.chroniquesaubieroises.fr\/wp-content\/uploads\/2025\/10\/1932-07-24_Distribution-des-Prix-b.jpg 616w, https:\/\/www.chroniquesaubieroises.fr\/wp-content\/uploads\/2025\/10\/1932-07-24_Distribution-des-Prix-b-185x300.jpg 185w\" sizes=\"auto, (max-width: 616px) 100vw, 616px\" \/><\/figure>\n\n\n\n<figure class=\"wp-block-image size-large\"><img loading=\"lazy\" decoding=\"async\" width=\"627\" height=\"1000\" data-id=\"1598\" src=\"http:\/\/www.chroniquesaubieroises.fr\/wp-content\/uploads\/2025\/10\/1934-07-29_Distribution-des-Prix-b.jpg\" alt=\"\" class=\"wp-image-1598\" srcset=\"https:\/\/www.chroniquesaubieroises.fr\/wp-content\/uploads\/2025\/10\/1934-07-29_Distribution-des-Prix-b.jpg 627w, https:\/\/www.chroniquesaubieroises.fr\/wp-content\/uploads\/2025\/10\/1934-07-29_Distribution-des-Prix-b-188x300.jpg 188w\" sizes=\"auto, (max-width: 627px) 100vw, 627px\" \/><\/figure>\n\n\n\n<figure class=\"wp-block-image size-large\"><img loading=\"lazy\" decoding=\"async\" width=\"612\" height=\"1000\" data-id=\"1599\" src=\"http:\/\/www.chroniquesaubieroises.fr\/wp-content\/uploads\/2025\/10\/1937-07-18_Distribution-des-Prix-b.jpg\" alt=\"\" class=\"wp-image-1599\" srcset=\"https:\/\/www.chroniquesaubieroises.fr\/wp-content\/uploads\/2025\/10\/1937-07-18_Distribution-des-Prix-b.jpg 612w, https:\/\/www.chroniquesaubieroises.fr\/wp-content\/uploads\/2025\/10\/1937-07-18_Distribution-des-Prix-b-184x300.jpg 184w\" sizes=\"auto, (max-width: 612px) 100vw, 612px\" \/><\/figure>\n\n\n\n<figure class=\"wp-block-image size-large\"><img loading=\"lazy\" decoding=\"async\" width=\"658\" height=\"1024\" data-id=\"1600\" src=\"http:\/\/www.chroniquesaubieroises.fr\/wp-content\/uploads\/2025\/10\/1938-07-10_Distribution-des-Prix-b-658x1024.jpg\" alt=\"\" class=\"wp-image-1600\" srcset=\"https:\/\/www.chroniquesaubieroises.fr\/wp-content\/uploads\/2025\/10\/1938-07-10_Distribution-des-Prix-b-658x1024.jpg 658w, https:\/\/www.chroniquesaubieroises.fr\/wp-content\/uploads\/2025\/10\/1938-07-10_Distribution-des-Prix-b-193x300.jpg 193w, https:\/\/www.chroniquesaubieroises.fr\/wp-content\/uploads\/2025\/10\/1938-07-10_Distribution-des-Prix-b-768x1194.jpg 768w, https:\/\/www.chroniquesaubieroises.fr\/wp-content\/uploads\/2025\/10\/1938-07-10_Distribution-des-Prix-b.jpg 780w\" sizes=\"auto, (max-width: 658px) 100vw, 658px\" \/><\/figure>\n\n\n\n<figure class=\"wp-block-image size-large\"><img loading=\"lazy\" decoding=\"async\" width=\"303\" height=\"197\" data-id=\"1601\" src=\"http:\/\/www.chroniquesaubieroises.fr\/wp-content\/uploads\/2025\/10\/1960_Fete-de-lecole_St-Joseph-1.jpg\" alt=\"\" class=\"wp-image-1601\" srcset=\"https:\/\/www.chroniquesaubieroises.fr\/wp-content\/uploads\/2025\/10\/1960_Fete-de-lecole_St-Joseph-1.jpg 303w, https:\/\/www.chroniquesaubieroises.fr\/wp-content\/uploads\/2025\/10\/1960_Fete-de-lecole_St-Joseph-1-300x195.jpg 300w\" sizes=\"auto, (max-width: 303px) 100vw, 303px\" \/><\/figure>\n\n\n\n<figure class=\"wp-block-image size-large\"><img loading=\"lazy\" decoding=\"async\" width=\"200\" height=\"134\" data-id=\"1602\" src=\"http:\/\/www.chroniquesaubieroises.fr\/wp-content\/uploads\/2025\/10\/1960_Fete-de-lecole_St-Joseph-3.jpg\" alt=\"\" class=\"wp-image-1602\"\/><\/figure>\n\n\n\n<figure class=\"wp-block-image size-large\"><img loading=\"lazy\" decoding=\"async\" width=\"800\" height=\"558\" data-id=\"1603\" src=\"http:\/\/www.chroniquesaubieroises.fr\/wp-content\/uploads\/2025\/10\/1970-06-13_Fete-des-ecoles.jpg\" alt=\"\" class=\"wp-image-1603\" srcset=\"https:\/\/www.chroniquesaubieroises.fr\/wp-content\/uploads\/2025\/10\/1970-06-13_Fete-des-ecoles.jpg 800w, https:\/\/www.chroniquesaubieroises.fr\/wp-content\/uploads\/2025\/10\/1970-06-13_Fete-des-ecoles-300x209.jpg 300w, https:\/\/www.chroniquesaubieroises.fr\/wp-content\/uploads\/2025\/10\/1970-06-13_Fete-des-ecoles-768x536.jpg 768w\" sizes=\"auto, (max-width: 800px) 100vw, 800px\" \/><\/figure>\n<\/figure>\n","protected":false},"excerpt":{"rendered":"<p>Une galerie \u00ab\u00a0F\u00eates des \u00c9coles\u00a0\u00bb. Il y a un si\u00e8cle ou moins&#8230; \u00c9coles communales surtout mais aussi \u00e9cole libre. Avec des photos et des programmes. Merci aux donateurs (et aux archives communales pour les programmes).<\/p>\n","protected":false},"author":1,"featured_media":0,"comment_status":"open","ping_status":"open","sticky":false,"template":"","format":"standard","meta":{"_monsterinsights_skip_tracking":false,"_monsterinsights_sitenote_active":false,"_monsterinsights_sitenote_note":"","_monsterinsights_sitenote_category":0,"jetpack_post_was_ever_published":false,"_jetpack_newsletter_access":"","_jetpack_dont_email_post_to_subs":false,"_jetpack_newsletter_tier_id":0,"_jetpack_memberships_contains_paywalled_content":false,"_jetpack_memberships_contains_paid_content":false,"footnotes":""},"categories":[5,14],"tags":[18,309,165,74],"class_list":["post-1566","post","type-post","status-publish","format-standard","hentry","category-patrimoine","category-photos","tag-aubiere","tag-fetes-des-ecoles","tag-galerie","tag-photos"],"jetpack_featured_media_url":"","jetpack_sharing_enabled":true,"_links":{"self":[{"href":"https:\/\/www.chroniquesaubieroises.fr\/index.php\/wp-json\/wp\/v2\/posts\/1566","targetHints":{"allow":["GET"]}}],"collection":[{"href":"https:\/\/www.chroniquesaubieroises.fr\/index.php\/wp-json\/wp\/v2\/posts"}],"about":[{"href":"https:\/\/www.chroniquesaubieroises.fr\/index.php\/wp-json\/wp\/v2\/types\/post"}],"author":[{"embeddable":true,"href":"https:\/\/www.chroniquesaubieroises.fr\/index.php\/wp-json\/wp\/v2\/users\/1"}],"replies":[{"embeddable":true,"href":"https:\/\/www.chroniquesaubieroises.fr\/index.php\/wp-json\/wp\/v2\/comments?post=1566"}],"version-history":[{"count":2,"href":"https:\/\/www.chroniquesaubieroises.fr\/index.php\/wp-json\/wp\/v2\/posts\/1566\/revisions"}],"predecessor-version":[{"id":1611,"href":"https:\/\/www.chroniquesaubieroises.fr\/index.php\/wp-json\/wp\/v2\/posts\/1566\/revisions\/1611"}],"wp:attachment":[{"href":"https:\/\/www.chroniquesaubieroises.fr\/index.php\/wp-json\/wp\/v2\/media?parent=1566"}],"wp:term":[{"taxonomy":"category","embeddable":true,"href":"https:\/\/www.chroniquesaubieroises.fr\/index.php\/wp-json\/wp\/v2\/categories?post=1566"},{"taxonomy":"post_tag","embeddable":true,"href":"https:\/\/www.chroniquesaubieroises.fr\/index.php\/wp-json\/wp\/v2\/tags?post=1566"}],"curies":[{"name":"wp","href":"https:\/\/api.w.org\/{rel}","templated":true}]}}